{"id":1153,"date":"2018-03-01T17:22:37","date_gmt":"2018-03-01T16:22:37","guid":{"rendered":"https:\/\/www.acmarenault.fr\/?p=1153"},"modified":"2023-11-28T08:22:52","modified_gmt":"2023-11-28T07:22:52","slug":"clio-r-s-16","status":"publish","type":"post","link":"https:\/\/www.acmarenault.fr\/index.php\/2018\/03\/01\/clio-r-s-16\/","title":{"rendered":"Clio R.S. 16"},"content":{"rendered":"\n<p>\t \t Nouveaut\u00e9s Renault | ACMA RENAULT\t \t \t \t      \t\t \n\n\n\n\t\t \n\n\t             \n\n \n\n \n\n \n\n \n\n \n\n     \n\n\t \n\n\t \n\n\t \n\n\t     <\/p>\n\n\n\n<p>Renault Boutiques mars 2018<br>Norev finition premium au 1\/43<br>R\u00e9f\u00e9rence 7711785143  s\u00e9rie limit\u00e9e 1500 exemplaires<\/p>\n\n\n\n<figure class=\"wp-block-image\"><img loading=\"lazy\" decoding=\"async\" width=\"1024\" height=\"763\" src=\"https:\/\/www.acmarenault.fr\/wp-content\/uploads\/2019\/07\/NOREV-7711785143-1500EX-1024x763.jpg\" alt=\"\" class=\"wp-image-1154\" srcset=\"https:\/\/www.acmarenault.fr\/wp-content\/uploads\/2019\/07\/NOREV-7711785143-1500EX-1024x763.jpg 1024w, https:\/\/www.acmarenault.fr\/wp-content\/uploads\/2019\/07\/NOREV-7711785143-1500EX-300x224.jpg 300w, https:\/\/www.acmarenault.fr\/wp-content\/uploads\/2019\/07\/NOREV-7711785143-1500EX-768x572.jpg 768w, https:\/\/www.acmarenault.fr\/wp-content\/uploads\/2019\/07\/NOREV-7711785143-1500EX.jpg 1856w\" sizes=\"auto, (max-width: 1024px) 100vw, 1024px\" \/><\/figure>\n\n\n\n<figure class=\"wp-block-image\"><img loading=\"lazy\" decoding=\"async\" width=\"904\" height=\"1024\" src=\"https:\/\/www.acmarenault.fr\/wp-content\/uploads\/2019\/07\/NOREV-7711785143-1500EXB-904x1024.jpg\" alt=\"\" class=\"wp-image-1155\" srcset=\"https:\/\/www.acmarenault.fr\/wp-content\/uploads\/2019\/07\/NOREV-7711785143-1500EXB-904x1024.jpg 904w, https:\/\/www.acmarenault.fr\/wp-content\/uploads\/2019\/07\/NOREV-7711785143-1500EXB-265x300.jpg 265w, https:\/\/www.acmarenault.fr\/wp-content\/uploads\/2019\/07\/NOREV-7711785143-1500EXB-768x870.jpg 768w, https:\/\/www.acmarenault.fr\/wp-content\/uploads\/2019\/07\/NOREV-7711785143-1500EXB.jpg 1752w\" sizes=\"auto, (max-width: 904px) 100vw, 904px\" \/><\/figure>\n","protected":false},"excerpt":{"rendered":"<p>Nouveaut\u00e9s Renault | ACMA RENAULT Renault Boutiques mars 2018Norev finition premium au 1\/43R\u00e9f\u00e9rence 7711785143 s\u00e9rie limit\u00e9e 1500 exemplaires<\/p>\n","protected":false},"author":3,"featured_media":0,"comment_status":"closed","ping_status":"open","sticky":false,"template":"","format":"standard","meta":{"footnotes":""},"categories":[13],"tags":[],"class_list":["post-1153","post","type-post","status-publish","format-standard","hentry","category-nouveautes-renault"],"_links":{"self":[{"href":"https:\/\/www.acmarenault.fr\/index.php\/wp-json\/wp\/v2\/posts\/1153","targetHints":{"allow":["GET"]}}],"collection":[{"href":"https:\/\/www.acmarenault.fr\/index.php\/wp-json\/wp\/v2\/posts"}],"about":[{"href":"https:\/\/www.acmarenault.fr\/index.php\/wp-json\/wp\/v2\/types\/post"}],"author":[{"embeddable":true,"href":"https:\/\/www.acmarenault.fr\/index.php\/wp-json\/wp\/v2\/users\/3"}],"replies":[{"embeddable":true,"href":"https:\/\/www.acmarenault.fr\/index.php\/wp-json\/wp\/v2\/comments?post=1153"}],"version-history":[{"count":1,"href":"https:\/\/www.acmarenault.fr\/index.php\/wp-json\/wp\/v2\/posts\/1153\/revisions"}],"predecessor-version":[{"id":1156,"href":"https:\/\/www.acmarenault.fr\/index.php\/wp-json\/wp\/v2\/posts\/1153\/revisions\/1156"}],"wp:attachment":[{"href":"https:\/\/www.acmarenault.fr\/index.php\/wp-json\/wp\/v2\/media?parent=1153"}],"wp:term":[{"taxonomy":"category","embeddable":true,"href":"https:\/\/www.acmarenault.fr\/index.php\/wp-json\/wp\/v2\/categories?post=1153"},{"taxonomy":"post_tag","embeddable":true,"href":"https:\/\/www.acmarenault.fr\/index.php\/wp-json\/wp\/v2\/tags?post=1153"}],"curies":[{"name":"wp","href":"https:\/\/api.w.org\/{rel}","templated":true}]}}